{"id":9988,"date":"2021-11-24T11:39:51","date_gmt":"2021-11-24T18:39:51","guid":{"rendered":"https:\/\/sonoranjv.org\/?p=9988"},"modified":"2021-11-24T12:29:21","modified_gmt":"2021-11-24T19:29:21","slug":"areas-agricolas-sonora","status":"publish","type":"post","link":"https:\/\/dev.sonoranjv.org\/es\/areas-agricolas-sonora\/","title":{"rendered":"Importancia de \u00c1reas Agr\u00edcolas y no Agr\u00edcolas para las Aves del Sonora"},"content":{"rendered":"<p><span style=\"font-size: 14px;\"><em>La alfalfa es el principal cultivo encontrado y usado por las aves en el valle agr\u00edcola del ejido Hombres Blancos, Sonoyta, Sonora, M\u00e9xico (foto cortes\u00eda de Abel Dom\u00ednguez-Pompa).<\/em><\/span><\/p>\n<p><strong>Abel Dom\u00ednguez-Pompa, Posgrado en Biociencias, Departamento de Investigaciones Cient\u00edficas y Tecnol\u00f3gicas, Universidad de Sonora<\/strong><\/p>\n<p>En Norteam\u00e9rica las poblaciones de aves han disminuido de manera importante, siendo la agricultura una de las principales causas. Por otro lado, la agricultura puede modificar y crear nuevos h\u00e1bitats que pueden ser utilizados por distintas especies de aves. En el desierto sonorense, la agricultura se ha extendido posiblemente afectando a poblaciones de aves que habitan en la regi\u00f3n, sin embargo, el efecto es desconocido. Por ello, se compar\u00f3 la riqueza y abundancia de aves en \u00e1reas agr\u00edcolas y no agr\u00edcolas en el valle del ejido Hombres Blancos, Sonoyta, Sonora, M\u00e9xico. El registro de especies e individuos se realiz\u00f3 utilizando puntos de conteo de radio variable. En total se establecieron 35 puntos de conteo siendo 17 establecidos en \u00e1reas no agr\u00edcolas (r\u00edo Sonoyta y vegetaci\u00f3n crasicaulescente) y 18 en \u00e1reas agr\u00edcolas. Los puntos de conteo consistieron en 5 minutos para registrar especies e individuos separados cada 250 m. Se realizaron las visitas a los puntos de conteo durante las primeras horas de la ma\u00f1ana en cuatro ocasiones con intervalos de 5 d\u00edas durante el invierno 2018, verano 2019, invierno 2019, verano 2020, invierno 2020.<\/p>\n<div id=\"attachment_9984\" style=\"width: 411px\" class=\"wp-caption alignleft\"><a href=\"https:\/\/sonoranjv.org\/wp-content\/uploads\/2021\/11\/IbisOjosRojos-Sonora_AbelDominguez.jpg\"><img aria-describedby=\"caption-attachment-9984\" loading=\"lazy\" class=\" wp-image-9984\" src=\"https:\/\/sonoranjv.org\/wp-content\/uploads\/2021\/11\/IbisOjosRojos-Sonora_AbelDominguez-1024x768.jpg\" alt=\"A white-faced ibis feeding in the agricultural area of Hombres Blancos ejido in Sonoyta, Sonora, Mexico (photo courtesy of Abel Dom\u00ednguez-Pompa).\" width=\"401\" height=\"301\" srcset=\"https:\/\/dev.sonoranjv.org\/wp-content\/uploads\/2021\/11\/IbisOjosRojos-Sonora_AbelDominguez-1024x768.jpg 1024w, https:\/\/dev.sonoranjv.org\/wp-content\/uploads\/2021\/11\/IbisOjosRojos-Sonora_AbelDominguez-300x225.jpg 300w, https:\/\/dev.sonoranjv.org\/wp-content\/uploads\/2021\/11\/IbisOjosRojos-Sonora_AbelDominguez-768x576.jpg 768w, https:\/\/dev.sonoranjv.org\/wp-content\/uploads\/2021\/11\/IbisOjosRojos-Sonora_AbelDominguez-249x187.jpg 249w, https:\/\/dev.sonoranjv.org\/wp-content\/uploads\/2021\/11\/IbisOjosRojos-Sonora_AbelDominguez-1170x877.jpg 1170w, https:\/\/dev.sonoranjv.org\/wp-content\/uploads\/2021\/11\/IbisOjosRojos-Sonora_AbelDominguez.jpg 1350w\" sizes=\"(max-width: 401px) 100vw, 401px\" \/><\/a><p id=\"caption-attachment-9984\" class=\"wp-caption-text\">Ibis ojos rojos aliment\u00e1ndose en el \u00e1rea agr\u00edcola del ejido Hombres Blancos, Sonoyta, Sonora, M\u00e9xico (foto cortes\u00eda de Abel Dom\u00ednguez-Pompa).<\/p><\/div>\n<p>En total se registraron 108 especies de aves. Dentro de las \u00e1reas agr\u00edcolas se registraron 97 especies, mientras, en el \u00e1rea no agr\u00edcola se obtuvo un registro de 66 especies. El \u00e1rea agr\u00edcola presento un total de 8,396 individuos, siendo m\u00e1s del doble del registro obtenido en el \u00e1rea no agr\u00edcola con 3,091 individuos. Solamente 11 especies de aves se registraron exclusivamente en \u00e1reas no agr\u00edcolas como el carpintero nuca roja (<em>Sphyrapicus nuchalis<\/em>), chipe grande (<em>Icteria virens<\/em>), cuclillo pico amarillo (<em>Coccyzus americanus<\/em>). Por otro lado, 42 especies fueron registradas exclusivamente en \u00e1reas agr\u00edcolas. En este sentido, las aves exclusivas de las \u00e1reas agr\u00edcolas principalmente son gorriones como el gorri\u00f3n de Brewer (<em>Spizella breweri<\/em>), gorri\u00f3n cejas blancas (<em>Spizella passerina<\/em>) y gorri\u00f3n cola blanca (<em>Pooecetes gramineus<\/em>).<\/p>\n<div id=\"attachment_9986\" style=\"width: 360px\" class=\"wp-caption alignright\"><a href=\"https:\/\/sonoranjv.org\/wp-content\/uploads\/2021\/11\/LarkBunting_AbelDominguez-rotated.jpg\"><img aria-describedby=\"caption-attachment-9986\" loading=\"lazy\" class=\" wp-image-9986\" src=\"https:\/\/sonoranjv.org\/wp-content\/uploads\/2021\/11\/LarkBunting_AbelDominguez-770x1024.jpg\" alt=\"The Lark Bunting is a winter visitor of the agricultural areas (photo courtesy of Abel Dom\u00ednguez-Pompa).\" width=\"350\" height=\"466\" srcset=\"https:\/\/dev.sonoranjv.org\/wp-content\/uploads\/2021\/11\/LarkBunting_AbelDominguez-770x1024.jpg 770w, https:\/\/dev.sonoranjv.org\/wp-content\/uploads\/2021\/11\/LarkBunting_AbelDominguez-226x300.jpg 226w, https:\/\/dev.sonoranjv.org\/wp-content\/uploads\/2021\/11\/LarkBunting_AbelDominguez-768x1022.jpg 768w, https:\/\/dev.sonoranjv.org\/wp-content\/uploads\/2021\/11\/LarkBunting_AbelDominguez-1155x1536.jpg 1155w, https:\/\/dev.sonoranjv.org\/wp-content\/uploads\/2021\/11\/LarkBunting_AbelDominguez-141x187.jpg 141w, https:\/\/dev.sonoranjv.org\/wp-content\/uploads\/2021\/11\/LarkBunting_AbelDominguez-1170x1556.jpg 1170w, https:\/\/dev.sonoranjv.org\/wp-content\/uploads\/2021\/11\/LarkBunting_AbelDominguez-rotated.jpg 1351w\" sizes=\"(max-width: 350px) 100vw, 350px\" \/><\/a><p id=\"caption-attachment-9986\" class=\"wp-caption-text\">El gorri\u00f3n alas blancas es un visitante de invierno de las \u00e1reas agr\u00edcolas (foto cortes\u00eda de Abel Dom\u00ednguez-Pompa).<\/p><\/div>\n<p>El \u00e1rea agr\u00edcola fue usada por especies residentes, migratorias de verano e invierno. Algunas especies residentes encontradas en este h\u00e1bitat fueron papamosca cardenalito (<em>Pyrocephalus rubinus<\/em>), tordo cabeza caf\u00e9 (<em>Molothrus ater<\/em>), centzontle norte\u00f1o (<em>Mimus polyglottos<\/em>) entre otras. El pico gordo azul (<em>Passerina caerulea<\/em>), tirano p\u00e1lido (<em>Tyrannus verticalis<\/em>) y calandria dorso negro menor (<em>Icterus cucullatus<\/em>) fueron especies migratorias de verano que se encuentran frecuentemente en las \u00e1reas agr\u00edcolas Finalmente, el gorri\u00f3n alas blancas (<em>Calamospiza melanocorys<\/em>), gorri\u00f3n cola blanca (<em>Pooecetes gramineus<\/em>), pradero del oeste (<em>Sturnella neglecta<\/em>), son especies que pasan el invierno en las \u00e1reas agr\u00edcolas. Finalmente, el estornino pinto (<em>Sturnus vulgaris<\/em>) y gorri\u00f3n dom\u00e9stico (<em>Passer domesticus<\/em>) son especies ex\u00f3ticas registradas dentro de las \u00e1reas agr\u00edcolas. Adem\u00e1s, se registr\u00f3 a la paloma domestica (<em>Columbina livia<\/em>) desplazarse de \u00e1reas urbanas a \u00e1reas agr\u00edcolas para alimentarse.<\/p>\n<p>Las \u00e1reas agr\u00edcolas est\u00e1n rodeadas de vegetaci\u00f3n de borde que brindan protecci\u00f3n y sitios de percha. Por otro lado, en \u00e9poca reproductiva algunas especies usan la vegetaci\u00f3n de borde como sitios para anidar. Las especies que se reproducen en los bordes de h\u00e1bitat se desplazan al interior del \u00e1rea agr\u00edcola para alimentarse. En las \u00e1reas no agr\u00edcolas se registraron principalmente especies residentes y migratorias de verano. Adem\u00e1s, especies como el carpintero del desierto (<em>Melanerpes uropygialis<\/em>), tecolote enano (<em>Micrathene whitneyi)<\/em> y carpintero de pechera com\u00fan (<em>Colaptes auratus<\/em>) anidan en cavidades de sahuaro con mayor presencia en \u00e1reas no agr\u00edcolas.<\/p>\n<p>La elevada concentraci\u00f3n (riqueza y abundancia) de aves residentes y migratorias en \u00e1reas agr\u00edcolas puede deberse a que estas \u00e1reas brindan sitios para perchar, anidar, y alimento a lo largo de todo el a\u00f1o. Por otro lado, las \u00e1reas no agr\u00edcolas brindan alimento y sitios de anidaci\u00f3n durante el verano para especies residentes y migratorias. Mantener y proteger ambas \u00e1reas ser\u00e1 de suma importancia para conservar las poblaciones de aves del noroeste de Sonora, M\u00e9xico.<\/p>\n<p>Agradezco a <a href=\"https:\/\/ideawild.org\/\">Idea Wild<\/a> por la donaci\u00f3n de equipo de campo.<\/p>\n","protected":false},"excerpt":{"rendered":"<p>Las \u00e1reas agr\u00edcolas del noroeste de Sonora tienen una elevada riqueza y abundancia de aves. Sin embargo, no est\u00e1n exentos de sus propias amenazas, incluidos los depredadores y el uso de pesticidas.<\/p>\n","protected":false},"author":6,"featured_media":9982,"comment_status":"closed","ping_status":"closed","sticky":false,"template":"","format":"standard","meta":[],"categories":[31],"tags":[967,964,965,966,661],"yoast_head":"<!-- This site is optimized with the Yoast SEO plugin v16.2 - https:\/\/yoast.com\/wordpress\/plugins\/seo\/ -->\n<title>Importancia de \u00c1reas Agr\u00edcolas y no Agr\u00edcolas para las Aves del Sonora - Sonoran Joint Venture<\/title>\n<meta name=\"robots\" content=\"index, follow, max-snippet:-1, max-image-preview:large, max-video-preview:-1\" \/>\n<link rel=\"canonical\" href=\"https:\/\/dev.sonoranjv.org\/es\/areas-agricolas-sonora\/\" \/>\n<meta property=\"og:locale\" content=\"es_ES\" \/>\n<meta property=\"og:type\" content=\"article\" \/>\n<meta property=\"og:title\" content=\"Importancia de \u00c1reas Agr\u00edcolas y no Agr\u00edcolas para las Aves del Sonora - Sonoran Joint Venture\" \/>\n<meta property=\"og:description\" content=\"Las \u00e1reas agr\u00edcolas del noroeste de Sonora tienen una elevada riqueza y abundancia de aves. Sin embargo, no est\u00e1n exentos de sus propias amenazas, incluidos los depredadores y el uso de pesticidas.\" \/>\n<meta property=\"og:url\" content=\"https:\/\/dev.sonoranjv.org\/es\/areas-agricolas-sonora\/\" \/>\n<meta property=\"og:site_name\" content=\"Sonoran Joint Venture\" \/>\n<meta property=\"article:publisher\" content=\"http:\/\/www.facebook.com\/sonoranjv\" \/>\n<meta property=\"article:published_time\" content=\"2021-11-24T18:39:51+00:00\" \/>\n<meta property=\"article:modified_time\" content=\"2021-11-24T19:29:21+00:00\" \/>\n<meta property=\"og:image\" content=\"https:\/\/sonoranjv.org\/wp-content\/uploads\/2021\/11\/rsz_alfalfafieldsonora_abeldominguez.jpg\" \/>\n\t<meta property=\"og:image:width\" content=\"1140\" \/>\n\t<meta property=\"og:image:height\" content=\"722\" \/>\n<meta name=\"twitter:card\" content=\"summary\" \/>\n<meta name=\"twitter:creator\" content=\"@sonoranjv\" \/>\n<meta name=\"twitter:site\" content=\"@sonoranjv\" \/>\n<meta name=\"twitter:label1\" content=\"Tiempo de lectura\">\n\t<meta name=\"twitter:data1\" content=\"4 minutos\">\n<script type=\"application\/ld+json\" class=\"yoast-schema-graph\">{\"@context\":\"https:\/\/schema.org\",\"@graph\":[{\"@type\":\"Organization\",\"@id\":\"https:\/\/dev.sonoranjv.org\/es\/#organization\",\"name\":\"Sonoran Joint Venture\",\"url\":\"https:\/\/dev.sonoranjv.org\/es\/\",\"sameAs\":[\"http:\/\/www.facebook.com\/sonoranjv\",\"https:\/\/www.pinterest.com\/sonoranjv\/pins\/\",\"https:\/\/twitter.com\/sonoranjv\"],\"logo\":{\"@type\":\"ImageObject\",\"@id\":\"https:\/\/dev.sonoranjv.org\/es\/#logo\",\"inLanguage\":\"es\",\"url\":\"https:\/\/sonoranjv.org\/wp-content\/uploads\/2017\/05\/sonoran-joint-venture-og.jpg\",\"contentUrl\":\"https:\/\/sonoranjv.org\/wp-content\/uploads\/2017\/05\/sonoran-joint-venture-og.jpg\",\"width\":\"573\",\"height\":\"316\",\"caption\":\"Sonoran Joint Venture\"},\"image\":{\"@id\":\"https:\/\/dev.sonoranjv.org\/es\/#logo\"}},{\"@type\":\"WebSite\",\"@id\":\"https:\/\/dev.sonoranjv.org\/es\/#website\",\"url\":\"https:\/\/dev.sonoranjv.org\/es\/\",\"name\":\"Sonoran Joint Venture\",\"description\":\"Conserving the unique birds and habitats of the southwestern United States and northwestern Mexico\",\"publisher\":{\"@id\":\"https:\/\/dev.sonoranjv.org\/es\/#organization\"},\"potentialAction\":[{\"@type\":\"SearchAction\",\"target\":\"https:\/\/dev.sonoranjv.org\/es\/?s={search_term_string}\",\"query-input\":\"required name=search_term_string\"}],\"inLanguage\":\"es\"},{\"@type\":\"ImageObject\",\"@id\":\"https:\/\/dev.sonoranjv.org\/es\/areas-agricolas-sonora\/#primaryimage\",\"inLanguage\":\"es\",\"url\":\"https:\/\/dev.sonoranjv.org\/wp-content\/uploads\/2021\/11\/rsz_alfalfafieldsonora_abeldominguez.jpg\",\"contentUrl\":\"https:\/\/dev.sonoranjv.org\/wp-content\/uploads\/2021\/11\/rsz_alfalfafieldsonora_abeldominguez.jpg\",\"width\":1140,\"height\":722,\"caption\":\"Alfalfa is the main crop found and used by birds in the agricultural valley of Hombres Blancos ejido in Sonoyta, Sonora, Mexico (photo courtesy of Abel Dom\\u00ednguez-Pompa).\"},{\"@type\":\"WebPage\",\"@id\":\"https:\/\/dev.sonoranjv.org\/es\/areas-agricolas-sonora\/#webpage\",\"url\":\"https:\/\/dev.sonoranjv.org\/es\/areas-agricolas-sonora\/\",\"name\":\"Importancia de \\u00c1reas Agr\\u00edcolas y no Agr\\u00edcolas para las Aves del Sonora - Sonoran Joint Venture\",\"isPartOf\":{\"@id\":\"https:\/\/dev.sonoranjv.org\/es\/#website\"},\"primaryImageOfPage\":{\"@id\":\"https:\/\/dev.sonoranjv.org\/es\/areas-agricolas-sonora\/#primaryimage\"},\"datePublished\":\"2021-11-24T18:39:51+00:00\",\"dateModified\":\"2021-11-24T19:29:21+00:00\",\"breadcrumb\":{\"@id\":\"https:\/\/dev.sonoranjv.org\/es\/areas-agricolas-sonora\/#breadcrumb\"},\"inLanguage\":\"es\",\"potentialAction\":[{\"@type\":\"ReadAction\",\"target\":[\"https:\/\/dev.sonoranjv.org\/es\/areas-agricolas-sonora\/\"]}]},{\"@type\":\"BreadcrumbList\",\"@id\":\"https:\/\/dev.sonoranjv.org\/es\/areas-agricolas-sonora\/#breadcrumb\",\"itemListElement\":[{\"@type\":\"ListItem\",\"position\":1,\"item\":{\"@type\":\"WebPage\",\"@id\":\"https:\/\/dev.sonoranjv.org\/es\/\",\"url\":\"https:\/\/dev.sonoranjv.org\/es\/\",\"name\":\"Home\"}},{\"@type\":\"ListItem\",\"position\":2,\"item\":{\"@id\":\"https:\/\/dev.sonoranjv.org\/es\/areas-agricolas-sonora\/#webpage\"}}]},{\"@type\":\"Article\",\"@id\":\"https:\/\/dev.sonoranjv.org\/es\/areas-agricolas-sonora\/#article\",\"isPartOf\":{\"@id\":\"https:\/\/dev.sonoranjv.org\/es\/areas-agricolas-sonora\/#webpage\"},\"author\":{\"@id\":\"https:\/\/dev.sonoranjv.org\/es\/#\/schema\/person\/542d764f0dd56c1f3a4bdafde6c678ec\"},\"headline\":\"Importancia de \\u00c1reas Agr\\u00edcolas y no Agr\\u00edcolas para las Aves del Sonora\",\"datePublished\":\"2021-11-24T18:39:51+00:00\",\"dateModified\":\"2021-11-24T19:29:21+00:00\",\"mainEntityOfPage\":{\"@id\":\"https:\/\/dev.sonoranjv.org\/es\/areas-agricolas-sonora\/#webpage\"},\"publisher\":{\"@id\":\"https:\/\/dev.sonoranjv.org\/es\/#organization\"},\"image\":{\"@id\":\"https:\/\/dev.sonoranjv.org\/es\/areas-agricolas-sonora\/#primaryimage\"},\"keywords\":[\"abundancia de especies\",\"\\u00e1reas agr\\u00edcolas\",\"\\u00e1reas no agr\\u00edcolas\",\"riqueza de especies\",\"Sonora\"],\"articleSection\":[\"Noticias\"],\"inLanguage\":\"es\"},{\"@type\":\"Person\",\"@id\":\"https:\/\/dev.sonoranjv.org\/es\/#\/schema\/person\/542d764f0dd56c1f3a4bdafde6c678ec\",\"name\":\"Emily Clark\",\"image\":{\"@type\":\"ImageObject\",\"@id\":\"https:\/\/dev.sonoranjv.org\/es\/#personlogo\",\"inLanguage\":\"es\",\"url\":\"https:\/\/secure.gravatar.com\/avatar\/14623eda9a31c2ce62a79c5371706b43?s=96&d=mm&r=g\",\"contentUrl\":\"https:\/\/secure.gravatar.com\/avatar\/14623eda9a31c2ce62a79c5371706b43?s=96&d=mm&r=g\",\"caption\":\"Emily Clark\"}}]}<\/script>\n<!-- \/ Yoast SEO plugin. -->","_links":{"self":[{"href":"https:\/\/dev.sonoranjv.org\/es\/wp-json\/wp\/v2\/posts\/9988"}],"collection":[{"href":"https:\/\/dev.sonoranjv.org\/es\/wp-json\/wp\/v2\/posts"}],"about":[{"href":"https:\/\/dev.sonoranjv.org\/es\/wp-json\/wp\/v2\/types\/post"}],"author":[{"embeddable":true,"href":"https:\/\/dev.sonoranjv.org\/es\/wp-json\/wp\/v2\/users\/6"}],"replies":[{"embeddable":true,"href":"https:\/\/dev.sonoranjv.org\/es\/wp-json\/wp\/v2\/comments?post=9988"}],"version-history":[{"count":5,"href":"https:\/\/dev.sonoranjv.org\/es\/wp-json\/wp\/v2\/posts\/9988\/revisions"}],"predecessor-version":[{"id":10040,"href":"https:\/\/dev.sonoranjv.org\/es\/wp-json\/wp\/v2\/posts\/9988\/revisions\/10040"}],"wp:featuredmedia":[{"embeddable":true,"href":"https:\/\/dev.sonoranjv.org\/es\/wp-json\/wp\/v2\/media\/9982"}],"wp:attachment":[{"href":"https:\/\/dev.sonoranjv.org\/es\/wp-json\/wp\/v2\/media?parent=9988"}],"wp:term":[{"taxonomy":"category","embeddable":true,"href":"https:\/\/dev.sonoranjv.org\/es\/wp-json\/wp\/v2\/categories?post=9988"},{"taxonomy":"post_tag","embeddable":true,"href":"https:\/\/dev.sonoranjv.org\/es\/wp-json\/wp\/v2\/tags?post=9988"}],"curies":[{"name":"wp","href":"https:\/\/api.w.org\/{rel}","templated":true}]}}