{"id":4295,"date":"2013-10-01T09:11:01","date_gmt":"2013-10-01T16:11:01","guid":{"rendered":"http:\/\/sonoranjv.org\/personal-del-sjv-reconocida-en-la-v-conferencia-de-pif\/"},"modified":"2017-04-17T13:55:17","modified_gmt":"2017-04-17T20:55:17","slug":"personal-del-sjv-reconocida-en-la-v-conferencia-de-pif","status":"publish","type":"post","link":"https:\/\/dev.sonoranjv.org\/es\/personal-del-sjv-reconocida-en-la-v-conferencia-de-pif\/","title":{"rendered":"Personal del SJV reconocida en la V Conferencia de PIF"},"content":{"rendered":"<p>El 28 de agosto de 2013, durante la <a href=\"http:\/\/pifv.org\" target=\"_blank\">Quinta Conferencia Anual Internacional de Compa\u00f1eros en Vuelo<\/a> (PIF) en Snowbird, Utah, se reconoci\u00f3 a seis campeones de la conservaci\u00f3n de las aves, incluyendo a Jennie Duberstein del SJV. Este prestigioso galard\u00f3n reconoce los excepcionales logros en la conservaci\u00f3n de las aves en toda Am\u00e9rica en las \u00e1reas de comunicaci\u00f3n, educaci\u00f3n, liderazgo innovador, investigaci\u00f3n ecol\u00f3gica perspicaz, logros \u00fanicos y la buena administraci\u00f3n de la tierra. Duberstein recibi\u00f3 el Premio a la Apreciaci\u00f3n P\u00fablica por su trabajo en Estados Unidos y M\u00e9xico llevando capacitaci\u00f3n y materiales a las comunidades, escuelas y bi\u00f3logos, y ayudando a compartir los mensajes cruciales de conservaci\u00f3n de las aves a trav\u00e9s de las fronteras. Tambi\u00e9n se le reconoci\u00f3 por su papel como presidenta del Equipo de Comunicaci\u00f3n, Educaci\u00f3n y Extensi\u00f3n de los Joint Ventures (JV) Nacionales para Aves Migratorias, que desarroll\u00f3 una estrategia que ha elevado el perfil de los JV entre los miembros del Congreso.<\/p>\n<p>\u00a1Felicidades Jennie!<\/p>\n<p>Puede <a href=\"http:\/\/www.partnersinflight.org\/awards\/2012awards.htm\" target=\"_blank\">leer los logros de todos los ganadores de Premios PIF 2012 en el sitio de PIF<\/a>.<\/p>\n","protected":false},"excerpt":{"rendered":"<p>El 28 de agosto de 2013, durante la Quinta Conferencia Anual Internacional de Compa\u00f1eros en Vuelo (PIF) en Snowbird, Utah, se reconoci\u00f3 a seis campeones de la conservaci\u00f3n de las aves, incluyendo a Jennie Duberstein del SJV. Este prestigioso galard\u00f3n reconoce los excepcionales logros en la conservaci\u00f3n de las aves en toda Am\u00e9rica en las<\/p>\n","protected":false},"author":2,"featured_media":2838,"comment_status":"closed","ping_status":"closed","sticky":false,"template":"","format":"standard","meta":[],"categories":[31],"tags":[],"yoast_head":"<!-- This site is optimized with the Yoast SEO plugin v16.2 - https:\/\/yoast.com\/wordpress\/plugins\/seo\/ -->\n<title>Personal del SJV reconocida en la V Conferencia de PIF - Sonoran Joint Venture<\/title>\n<meta name=\"robots\" content=\"index, follow, max-snippet:-1, max-image-preview:large, max-video-preview:-1\" \/>\n<link rel=\"canonical\" href=\"https:\/\/dev.sonoranjv.org\/es\/personal-del-sjv-reconocida-en-la-v-conferencia-de-pif\/\" \/>\n<meta property=\"og:locale\" content=\"es_ES\" \/>\n<meta property=\"og:type\" content=\"article\" \/>\n<meta property=\"og:title\" content=\"Personal del SJV reconocida en la V Conferencia de PIF - Sonoran Joint Venture\" \/>\n<meta property=\"og:description\" content=\"El 28 de agosto de 2013, durante la Quinta Conferencia Anual Internacional de Compa\u00f1eros en Vuelo (PIF) en Snowbird, Utah, se reconoci\u00f3 a seis campeones de la conservaci\u00f3n de las aves, incluyendo a Jennie Duberstein del SJV. Este prestigioso galard\u00f3n reconoce los excepcionales logros en la conservaci\u00f3n de las aves en toda Am\u00e9rica en las\" \/>\n<meta property=\"og:url\" content=\"https:\/\/dev.sonoranjv.org\/es\/personal-del-sjv-reconocida-en-la-v-conferencia-de-pif\/\" \/>\n<meta property=\"og:site_name\" content=\"Sonoran Joint Venture\" \/>\n<meta property=\"article:publisher\" content=\"http:\/\/www.facebook.com\/sonoranjv\" \/>\n<meta property=\"article:published_time\" content=\"2013-10-01T16:11:01+00:00\" \/>\n<meta property=\"article:modified_time\" content=\"2017-04-17T20:55:17+00:00\" \/>\n<meta property=\"og:image\" content=\"https:\/\/sonoranjv.org\/wp-content\/uploads\/2013\/09\/610x250-duberstein-award.jpg\" \/>\n\t<meta property=\"og:image:width\" content=\"610\" \/>\n\t<meta property=\"og:image:height\" content=\"250\" \/>\n<meta name=\"twitter:card\" content=\"summary\" \/>\n<meta name=\"twitter:creator\" content=\"@sonoranjv\" \/>\n<meta name=\"twitter:site\" content=\"@sonoranjv\" \/>\n<meta name=\"twitter:label1\" content=\"Tiempo de lectura\">\n\t<meta name=\"twitter:data1\" content=\"1 minuto\">\n<script type=\"application\/ld+json\" class=\"yoast-schema-graph\">{\"@context\":\"https:\/\/schema.org\",\"@graph\":[{\"@type\":\"Organization\",\"@id\":\"https:\/\/dev.sonoranjv.org\/es\/#organization\",\"name\":\"Sonoran Joint Venture\",\"url\":\"https:\/\/dev.sonoranjv.org\/es\/\",\"sameAs\":[\"http:\/\/www.facebook.com\/sonoranjv\",\"https:\/\/www.pinterest.com\/sonoranjv\/pins\/\",\"https:\/\/twitter.com\/sonoranjv\"],\"logo\":{\"@type\":\"ImageObject\",\"@id\":\"https:\/\/dev.sonoranjv.org\/es\/#logo\",\"inLanguage\":\"es\",\"url\":\"https:\/\/sonoranjv.org\/wp-content\/uploads\/2017\/05\/sonoran-joint-venture-og.jpg\",\"contentUrl\":\"https:\/\/sonoranjv.org\/wp-content\/uploads\/2017\/05\/sonoran-joint-venture-og.jpg\",\"width\":\"573\",\"height\":\"316\",\"caption\":\"Sonoran Joint Venture\"},\"image\":{\"@id\":\"https:\/\/dev.sonoranjv.org\/es\/#logo\"}},{\"@type\":\"WebSite\",\"@id\":\"https:\/\/dev.sonoranjv.org\/es\/#website\",\"url\":\"https:\/\/dev.sonoranjv.org\/es\/\",\"name\":\"Sonoran Joint Venture\",\"description\":\"Conserving the unique birds and habitats of the southwestern United States and northwestern Mexico\",\"publisher\":{\"@id\":\"https:\/\/dev.sonoranjv.org\/es\/#organization\"},\"potentialAction\":[{\"@type\":\"SearchAction\",\"target\":\"https:\/\/dev.sonoranjv.org\/es\/?s={search_term_string}\",\"query-input\":\"required name=search_term_string\"}],\"inLanguage\":\"es\"},{\"@type\":\"ImageObject\",\"@id\":\"https:\/\/dev.sonoranjv.org\/es\/personal-del-sjv-reconocida-en-la-v-conferencia-de-pif\/#primaryimage\",\"inLanguage\":\"es\",\"url\":\"https:\/\/dev.sonoranjv.org\/wp-content\/uploads\/2013\/09\/610x250-duberstein-award.jpg\",\"contentUrl\":\"https:\/\/dev.sonoranjv.org\/wp-content\/uploads\/2013\/09\/610x250-duberstein-award.jpg\",\"width\":610,\"height\":250},{\"@type\":\"WebPage\",\"@id\":\"https:\/\/dev.sonoranjv.org\/es\/personal-del-sjv-reconocida-en-la-v-conferencia-de-pif\/#webpage\",\"url\":\"https:\/\/dev.sonoranjv.org\/es\/personal-del-sjv-reconocida-en-la-v-conferencia-de-pif\/\",\"name\":\"Personal del SJV reconocida en la V Conferencia de PIF - Sonoran Joint Venture\",\"isPartOf\":{\"@id\":\"https:\/\/dev.sonoranjv.org\/es\/#website\"},\"primaryImageOfPage\":{\"@id\":\"https:\/\/dev.sonoranjv.org\/es\/personal-del-sjv-reconocida-en-la-v-conferencia-de-pif\/#primaryimage\"},\"datePublished\":\"2013-10-01T16:11:01+00:00\",\"dateModified\":\"2017-04-17T20:55:17+00:00\",\"breadcrumb\":{\"@id\":\"https:\/\/dev.sonoranjv.org\/es\/personal-del-sjv-reconocida-en-la-v-conferencia-de-pif\/#breadcrumb\"},\"inLanguage\":\"es\",\"potentialAction\":[{\"@type\":\"ReadAction\",\"target\":[\"https:\/\/dev.sonoranjv.org\/es\/personal-del-sjv-reconocida-en-la-v-conferencia-de-pif\/\"]}]},{\"@type\":\"BreadcrumbList\",\"@id\":\"https:\/\/dev.sonoranjv.org\/es\/personal-del-sjv-reconocida-en-la-v-conferencia-de-pif\/#breadcrumb\",\"itemListElement\":[{\"@type\":\"ListItem\",\"position\":1,\"item\":{\"@type\":\"WebPage\",\"@id\":\"https:\/\/dev.sonoranjv.org\/es\/\",\"url\":\"https:\/\/dev.sonoranjv.org\/es\/\",\"name\":\"Home\"}},{\"@type\":\"ListItem\",\"position\":2,\"item\":{\"@id\":\"https:\/\/dev.sonoranjv.org\/es\/personal-del-sjv-reconocida-en-la-v-conferencia-de-pif\/#webpage\"}}]},{\"@type\":\"Article\",\"@id\":\"https:\/\/dev.sonoranjv.org\/es\/personal-del-sjv-reconocida-en-la-v-conferencia-de-pif\/#article\",\"isPartOf\":{\"@id\":\"https:\/\/dev.sonoranjv.org\/es\/personal-del-sjv-reconocida-en-la-v-conferencia-de-pif\/#webpage\"},\"author\":{\"@id\":\"https:\/\/dev.sonoranjv.org\/es\/#\/schema\/person\/10d4a07cf72d9415925754737e935111\"},\"headline\":\"Personal del SJV reconocida en la V Conferencia de PIF\",\"datePublished\":\"2013-10-01T16:11:01+00:00\",\"dateModified\":\"2017-04-17T20:55:17+00:00\",\"mainEntityOfPage\":{\"@id\":\"https:\/\/dev.sonoranjv.org\/es\/personal-del-sjv-reconocida-en-la-v-conferencia-de-pif\/#webpage\"},\"publisher\":{\"@id\":\"https:\/\/dev.sonoranjv.org\/es\/#organization\"},\"image\":{\"@id\":\"https:\/\/dev.sonoranjv.org\/es\/personal-del-sjv-reconocida-en-la-v-conferencia-de-pif\/#primaryimage\"},\"articleSection\":[\"Noticias\"],\"inLanguage\":\"es\"},{\"@type\":\"Person\",\"@id\":\"https:\/\/dev.sonoranjv.org\/es\/#\/schema\/person\/10d4a07cf72d9415925754737e935111\",\"name\":\"Jennie Duberstein\",\"image\":{\"@type\":\"ImageObject\",\"@id\":\"https:\/\/dev.sonoranjv.org\/es\/#personlogo\",\"inLanguage\":\"es\",\"url\":\"https:\/\/secure.gravatar.com\/avatar\/620413d72b997addfe0fd7fe64044c1b?s=96&d=mm&r=g\",\"contentUrl\":\"https:\/\/secure.gravatar.com\/avatar\/620413d72b997addfe0fd7fe64044c1b?s=96&d=mm&r=g\",\"caption\":\"Jennie Duberstein\"}}]}<\/script>\n<!-- \/ Yoast SEO plugin. -->","_links":{"self":[{"href":"https:\/\/dev.sonoranjv.org\/es\/wp-json\/wp\/v2\/posts\/4295"}],"collection":[{"href":"https:\/\/dev.sonoranjv.org\/es\/wp-json\/wp\/v2\/posts"}],"about":[{"href":"https:\/\/dev.sonoranjv.org\/es\/wp-json\/wp\/v2\/types\/post"}],"author":[{"embeddable":true,"href":"https:\/\/dev.sonoranjv.org\/es\/wp-json\/wp\/v2\/users\/2"}],"replies":[{"embeddable":true,"href":"https:\/\/dev.sonoranjv.org\/es\/wp-json\/wp\/v2\/comments?post=4295"}],"version-history":[{"count":1,"href":"https:\/\/dev.sonoranjv.org\/es\/wp-json\/wp\/v2\/posts\/4295\/revisions"}],"predecessor-version":[{"id":5034,"href":"https:\/\/dev.sonoranjv.org\/es\/wp-json\/wp\/v2\/posts\/4295\/revisions\/5034"}],"wp:featuredmedia":[{"embeddable":true,"href":"https:\/\/dev.sonoranjv.org\/es\/wp-json\/wp\/v2\/media\/2838"}],"wp:attachment":[{"href":"https:\/\/dev.sonoranjv.org\/es\/wp-json\/wp\/v2\/media?parent=4295"}],"wp:term":[{"taxonomy":"category","embeddable":true,"href":"https:\/\/dev.sonoranjv.org\/es\/wp-json\/wp\/v2\/categories?post=4295"},{"taxonomy":"post_tag","embeddable":true,"href":"https:\/\/dev.sonoranjv.org\/es\/wp-json\/wp\/v2\/tags?post=4295"}],"curies":[{"name":"wp","href":"https:\/\/api.w.org\/{rel}","templated":true}]}}