{"id":4275,"date":"2013-06-12T18:33:06","date_gmt":"2013-06-13T01:33:06","guid":{"rendered":"http:\/\/sonoranjv.org\/las-dimensiones-humanas-de-la-conservacion-de-las-aves\/"},"modified":"2017-04-17T13:56:14","modified_gmt":"2017-04-17T20:56:14","slug":"las-dimensiones-humanas-de-la-conservacion-de-las-aves","status":"publish","type":"post","link":"https:\/\/dev.sonoranjv.org\/es\/las-dimensiones-humanas-de-la-conservacion-de-las-aves\/","title":{"rendered":"Las dimensiones humanas de la conservaci\u00f3n de las aves"},"content":{"rendered":"<p><a href=\"https:\/\/sonoranjv.org\/wp-content\/uploads\/2013\/06\/nabci.gif\"><img loading=\"lazy\" class=\"alignleft size-full wp-image-2696\" title=\"nabci\" src=\"https:\/\/sonoranjv.org\/wp-content\/uploads\/2013\/06\/nabci.gif\" alt=\"NABCI logo\" width=\"109\" height=\"47\" \/><\/a>La \u00faltima edici\u00f3n del Bolet\u00edn Todo Ave de la Iniciativa para la Conservaci\u00f3n de las Aves de Norteam\u00e9rica (NABCI) tiene un enfoque especial en la exploraci\u00f3n de las dimensiones humanas de la conservaci\u00f3n de las aves. Las \u201cdimensiones humanas\u201d es un t\u00e9rmino general que b\u00e1sicamente se refiere al lado social de la conservaci\u00f3n: \u00bfQu\u00e9 es lo que la gente piensa y siente sobre las diferentes cuestiones?, \u00bfC\u00f3mo se comportan?, \u00bfQu\u00e9 es lo que los influencia?, \u00bfD\u00f3nde obtienen su informaci\u00f3n?, \u00bfPor qu\u00e9 toman las decisiones que toman?, y finalmente, \u00bfDe qu\u00e9 manera tienen sus creencias y su comportamiento un impacto en las aves y en el h\u00e1bitat, y c\u00f3mo podemos trabajar con la gente para lograr nuestros objetivos de conservaci\u00f3n?<\/p>\n<p>En \u00faltima instancia, casi cada cuesti\u00f3n de conservaci\u00f3n a la que nos enfrentamos presenta gente en la ra\u00edz. Ya sea que queremos que la gente deje de hacer algo, o que empiece a hacer algo, o que siga haciendo algo. Sin la integraci\u00f3n de las dimensiones humanas a nuestras actividades de planeaci\u00f3n e implementaci\u00f3n, no podemos esperar obtener enteramente el \u00e9xito en la conservaci\u00f3n. Como lo afirma Natalie Sexton (Jefe de la Delegaci\u00f3n de Dimensiones Humanas del FWS en el Centro para el Programa de Recursos Naturales) en su art\u00edculo en esta edici\u00f3n especial (p\u00e1g. 20), \u201cPara lograr un manejo eficaz se necesita un entendimiento \u00edntimo de los procesos ecol\u00f3gicos y un monitoreo coordinado de las poblaciones y h\u00e1bitats. Es igualmente importante comprender los sistemas sociales que afectan y se ven afectados por las decisiones de manejo\u201d.<\/p>\n<p>Este especial del Bolet\u00edn Todo Ave estudia las dimensiones humanas de la conservaci\u00f3n de las aves desde muchos \u00e1ngulos. Despu\u00e9s de un excelente panorama general de lo que significa el t\u00e9rmino \u201cdimensiones humanas\u201d, aprendemos c\u00f3mo las iniciativas internacionales de conservaci\u00f3n de las aves como NABCI, Compa\u00f1eros en Vuelo y el Plan de Manejo de las Aves Acu\u00e1ticas de Norteam\u00e9rica, incorporan a la gente a sus prioridades de conservaci\u00f3n. Las dependencias federales y estatales de pesca y vida silvestre brindan sus perspectivas, al igual que las organizaciones sin fines de lucro, incluyendo la Sociedad Nacional Audubon y Ducks Unlimited. Obtenemos una perspectiva internacional de Canad\u00e1, y los investigadores acad\u00e9micos intervienen en la conexi\u00f3n entre los observadores de aves, los cazadores y la conservaci\u00f3n.<\/p>\n<p>La edici\u00f3n especial proporciona un excelente panorama general del tema y brinda tanto un nivel general como ejemplos m\u00e1s concretos del papel de las dimensiones humanas en la conservaci\u00f3n de las aves. Descargue la edici\u00f3n completa aqu\u00ed: <a href=\"http:\/\/www.nabci-us.org\/bulletin\/Bulletin-Spring2013.pdf\">http:\/\/www.nabci-us.org\/bulletin\/Bulletin-Spring2013.pdf<\/a><\/p>\n","protected":false},"excerpt":{"rendered":"<p>La \u00faltima edici\u00f3n del Bolet\u00edn Todo Ave de la Iniciativa para la Conservaci\u00f3n de las Aves de Norteam\u00e9rica (NABCI) tiene un enfoque especial en la exploraci\u00f3n de las dimensiones humanas de la conservaci\u00f3n de las aves. Las \u201cdimensiones humanas\u201d es un t\u00e9rmino general que b\u00e1sicamente se refiere al lado social de la conservaci\u00f3n: \u00bfQu\u00e9 es<\/p>\n","protected":false},"author":2,"featured_media":2695,"comment_status":"closed","ping_status":"closed","sticky":false,"template":"","format":"standard","meta":[],"categories":[31],"tags":[],"yoast_head":"<!-- This site is optimized with the Yoast SEO plugin v16.2 - https:\/\/yoast.com\/wordpress\/plugins\/seo\/ -->\n<title>Las dimensiones humanas de la conservaci\u00f3n de las aves - Sonoran Joint Venture<\/title>\n<meta name=\"robots\" content=\"index, follow, max-snippet:-1, max-image-preview:large, max-video-preview:-1\" \/>\n<link rel=\"canonical\" href=\"https:\/\/dev.sonoranjv.org\/es\/las-dimensiones-humanas-de-la-conservacion-de-las-aves\/\" \/>\n<meta property=\"og:locale\" content=\"es_ES\" \/>\n<meta property=\"og:type\" content=\"article\" \/>\n<meta property=\"og:title\" content=\"Las dimensiones humanas de la conservaci\u00f3n de las aves - Sonoran Joint Venture\" \/>\n<meta property=\"og:description\" content=\"La \u00faltima edici\u00f3n del Bolet\u00edn Todo Ave de la Iniciativa para la Conservaci\u00f3n de las Aves de Norteam\u00e9rica (NABCI) tiene un enfoque especial en la exploraci\u00f3n de las dimensiones humanas de la conservaci\u00f3n de las aves. Las \u201cdimensiones humanas\u201d es un t\u00e9rmino general que b\u00e1sicamente se refiere al lado social de la conservaci\u00f3n: \u00bfQu\u00e9 es\" \/>\n<meta property=\"og:url\" content=\"https:\/\/dev.sonoranjv.org\/es\/las-dimensiones-humanas-de-la-conservacion-de-las-aves\/\" \/>\n<meta property=\"og:site_name\" content=\"Sonoran Joint Venture\" \/>\n<meta property=\"article:publisher\" content=\"http:\/\/www.facebook.com\/sonoranjv\" \/>\n<meta property=\"article:published_time\" content=\"2013-06-13T01:33:06+00:00\" \/>\n<meta property=\"article:modified_time\" content=\"2017-04-17T20:56:14+00:00\" \/>\n<meta property=\"og:image\" content=\"https:\/\/sonoranjv.org\/wp-content\/uploads\/2013\/06\/hd-robert-carlos-610x250.jpg\" \/>\n\t<meta property=\"og:image:width\" content=\"610\" \/>\n\t<meta property=\"og:image:height\" content=\"250\" \/>\n<meta name=\"twitter:card\" content=\"summary\" \/>\n<meta name=\"twitter:creator\" content=\"@sonoranjv\" \/>\n<meta name=\"twitter:site\" content=\"@sonoranjv\" \/>\n<meta name=\"twitter:label1\" content=\"Tiempo de lectura\">\n\t<meta name=\"twitter:data1\" content=\"2 minutos\">\n<script type=\"application\/ld+json\" class=\"yoast-schema-graph\">{\"@context\":\"https:\/\/schema.org\",\"@graph\":[{\"@type\":\"Organization\",\"@id\":\"https:\/\/dev.sonoranjv.org\/es\/#organization\",\"name\":\"Sonoran Joint Venture\",\"url\":\"https:\/\/dev.sonoranjv.org\/es\/\",\"sameAs\":[\"http:\/\/www.facebook.com\/sonoranjv\",\"https:\/\/www.pinterest.com\/sonoranjv\/pins\/\",\"https:\/\/twitter.com\/sonoranjv\"],\"logo\":{\"@type\":\"ImageObject\",\"@id\":\"https:\/\/dev.sonoranjv.org\/es\/#logo\",\"inLanguage\":\"es\",\"url\":\"https:\/\/sonoranjv.org\/wp-content\/uploads\/2017\/05\/sonoran-joint-venture-og.jpg\",\"contentUrl\":\"https:\/\/sonoranjv.org\/wp-content\/uploads\/2017\/05\/sonoran-joint-venture-og.jpg\",\"width\":\"573\",\"height\":\"316\",\"caption\":\"Sonoran Joint Venture\"},\"image\":{\"@id\":\"https:\/\/dev.sonoranjv.org\/es\/#logo\"}},{\"@type\":\"WebSite\",\"@id\":\"https:\/\/dev.sonoranjv.org\/es\/#website\",\"url\":\"https:\/\/dev.sonoranjv.org\/es\/\",\"name\":\"Sonoran Joint Venture\",\"description\":\"Conserving the unique birds and habitats of the southwestern United States and northwestern Mexico\",\"publisher\":{\"@id\":\"https:\/\/dev.sonoranjv.org\/es\/#organization\"},\"potentialAction\":[{\"@type\":\"SearchAction\",\"target\":\"https:\/\/dev.sonoranjv.org\/es\/?s={search_term_string}\",\"query-input\":\"required name=search_term_string\"}],\"inLanguage\":\"es\"},{\"@type\":\"ImageObject\",\"@id\":\"https:\/\/dev.sonoranjv.org\/es\/las-dimensiones-humanas-de-la-conservacion-de-las-aves\/#primaryimage\",\"inLanguage\":\"es\",\"url\":\"https:\/\/dev.sonoranjv.org\/wp-content\/uploads\/2013\/06\/hd-robert-carlos-610x250.jpg\",\"contentUrl\":\"https:\/\/dev.sonoranjv.org\/wp-content\/uploads\/2013\/06\/hd-robert-carlos-610x250.jpg\",\"width\":610,\"height\":250},{\"@type\":\"WebPage\",\"@id\":\"https:\/\/dev.sonoranjv.org\/es\/las-dimensiones-humanas-de-la-conservacion-de-las-aves\/#webpage\",\"url\":\"https:\/\/dev.sonoranjv.org\/es\/las-dimensiones-humanas-de-la-conservacion-de-las-aves\/\",\"name\":\"Las dimensiones humanas de la conservaci\\u00f3n de las aves - Sonoran Joint Venture\",\"isPartOf\":{\"@id\":\"https:\/\/dev.sonoranjv.org\/es\/#website\"},\"primaryImageOfPage\":{\"@id\":\"https:\/\/dev.sonoranjv.org\/es\/las-dimensiones-humanas-de-la-conservacion-de-las-aves\/#primaryimage\"},\"datePublished\":\"2013-06-13T01:33:06+00:00\",\"dateModified\":\"2017-04-17T20:56:14+00:00\",\"breadcrumb\":{\"@id\":\"https:\/\/dev.sonoranjv.org\/es\/las-dimensiones-humanas-de-la-conservacion-de-las-aves\/#breadcrumb\"},\"inLanguage\":\"es\",\"potentialAction\":[{\"@type\":\"ReadAction\",\"target\":[\"https:\/\/dev.sonoranjv.org\/es\/las-dimensiones-humanas-de-la-conservacion-de-las-aves\/\"]}]},{\"@type\":\"BreadcrumbList\",\"@id\":\"https:\/\/dev.sonoranjv.org\/es\/las-dimensiones-humanas-de-la-conservacion-de-las-aves\/#breadcrumb\",\"itemListElement\":[{\"@type\":\"ListItem\",\"position\":1,\"item\":{\"@type\":\"WebPage\",\"@id\":\"https:\/\/dev.sonoranjv.org\/es\/\",\"url\":\"https:\/\/dev.sonoranjv.org\/es\/\",\"name\":\"Home\"}},{\"@type\":\"ListItem\",\"position\":2,\"item\":{\"@id\":\"https:\/\/dev.sonoranjv.org\/es\/las-dimensiones-humanas-de-la-conservacion-de-las-aves\/#webpage\"}}]},{\"@type\":\"Article\",\"@id\":\"https:\/\/dev.sonoranjv.org\/es\/las-dimensiones-humanas-de-la-conservacion-de-las-aves\/#article\",\"isPartOf\":{\"@id\":\"https:\/\/dev.sonoranjv.org\/es\/las-dimensiones-humanas-de-la-conservacion-de-las-aves\/#webpage\"},\"author\":{\"@id\":\"https:\/\/dev.sonoranjv.org\/es\/#\/schema\/person\/10d4a07cf72d9415925754737e935111\"},\"headline\":\"Las dimensiones humanas de la conservaci\\u00f3n de las aves\",\"datePublished\":\"2013-06-13T01:33:06+00:00\",\"dateModified\":\"2017-04-17T20:56:14+00:00\",\"mainEntityOfPage\":{\"@id\":\"https:\/\/dev.sonoranjv.org\/es\/las-dimensiones-humanas-de-la-conservacion-de-las-aves\/#webpage\"},\"publisher\":{\"@id\":\"https:\/\/dev.sonoranjv.org\/es\/#organization\"},\"image\":{\"@id\":\"https:\/\/dev.sonoranjv.org\/es\/las-dimensiones-humanas-de-la-conservacion-de-las-aves\/#primaryimage\"},\"articleSection\":[\"Noticias\"],\"inLanguage\":\"es\"},{\"@type\":\"Person\",\"@id\":\"https:\/\/dev.sonoranjv.org\/es\/#\/schema\/person\/10d4a07cf72d9415925754737e935111\",\"name\":\"Jennie Duberstein\",\"image\":{\"@type\":\"ImageObject\",\"@id\":\"https:\/\/dev.sonoranjv.org\/es\/#personlogo\",\"inLanguage\":\"es\",\"url\":\"https:\/\/secure.gravatar.com\/avatar\/620413d72b997addfe0fd7fe64044c1b?s=96&d=mm&r=g\",\"contentUrl\":\"https:\/\/secure.gravatar.com\/avatar\/620413d72b997addfe0fd7fe64044c1b?s=96&d=mm&r=g\",\"caption\":\"Jennie Duberstein\"}}]}<\/script>\n<!-- \/ Yoast SEO plugin. -->","_links":{"self":[{"href":"https:\/\/dev.sonoranjv.org\/es\/wp-json\/wp\/v2\/posts\/4275"}],"collection":[{"href":"https:\/\/dev.sonoranjv.org\/es\/wp-json\/wp\/v2\/posts"}],"about":[{"href":"https:\/\/dev.sonoranjv.org\/es\/wp-json\/wp\/v2\/types\/post"}],"author":[{"embeddable":true,"href":"https:\/\/dev.sonoranjv.org\/es\/wp-json\/wp\/v2\/users\/2"}],"replies":[{"embeddable":true,"href":"https:\/\/dev.sonoranjv.org\/es\/wp-json\/wp\/v2\/comments?post=4275"}],"version-history":[{"count":1,"href":"https:\/\/dev.sonoranjv.org\/es\/wp-json\/wp\/v2\/posts\/4275\/revisions"}],"predecessor-version":[{"id":5042,"href":"https:\/\/dev.sonoranjv.org\/es\/wp-json\/wp\/v2\/posts\/4275\/revisions\/5042"}],"wp:featuredmedia":[{"embeddable":true,"href":"https:\/\/dev.sonoranjv.org\/es\/wp-json\/wp\/v2\/media\/2695"}],"wp:attachment":[{"href":"https:\/\/dev.sonoranjv.org\/es\/wp-json\/wp\/v2\/media?parent=4275"}],"wp:term":[{"taxonomy":"category","embeddable":true,"href":"https:\/\/dev.sonoranjv.org\/es\/wp-json\/wp\/v2\/categories?post=4275"},{"taxonomy":"post_tag","embeddable":true,"href":"https:\/\/dev.sonoranjv.org\/es\/wp-json\/wp\/v2\/tags?post=4275"}],"curies":[{"name":"wp","href":"https:\/\/api.w.org\/{rel}","templated":true}]}}