{"id":4241,"date":"2013-01-29T15:29:17","date_gmt":"2013-01-29T22:29:17","guid":{"rendered":"http:\/\/sonoranjv.org\/2013-anuncio-para-el-programa-de-apoyos-del-sjv\/"},"modified":"2017-04-17T13:59:00","modified_gmt":"2017-04-17T20:59:00","slug":"2013-anuncio-para-el-programa-de-apoyos-del-sjv","status":"publish","type":"post","link":"https:\/\/dev.sonoranjv.org\/es\/2013-anuncio-para-el-programa-de-apoyos-del-sjv\/","title":{"rendered":"2013 Anuncio para el Programa de Apoyos del SJV"},"content":{"rendered":"<p>El Sonoran Joint Venture (SJV) se complace en anunciar la convocatoria de propuestas para el ciclo de fondos 2012 del Programa de Apoyos del SJV. El objetivo del Programa de Apoyos del SJV es apoyar la investigaci\u00f3n y conservaci\u00f3n de las aves y sus h\u00e1bitats dentro de los l\u00edmites del SJV otorgando fondos mediante un programa competitivo.<\/p>\n<h4>\u00bfTiene inter\u00e9s en someter una propuesta?<\/h4>\n<p>Por favor lea cuidadosamente las secciones de\u00a0<a title=\"Requirements\" href=\"http:\/\/sonoranjv.org\/fondos\/sjv-programa-de-apoyos\/convocatoria-de-propuestas\/?lang=es\">Convocatoria de Propuestas<\/a>\u00a0y\u00a0<a title=\"Guidelines for Award Recipients\" href=\"http:\/\/sonoranjv.org\/fondos\/sjv-programa-de-apoyos\/requisitos-para-receptores\/?lang=es\">Requisitos para Receptores<\/a>. Aseg\u00farese de leer todos los requisitos tanto para la solicitud de una subvenci\u00f3n as\u00ed como la administraci\u00f3n de la misma en caso de ser elegido. Nuestros requisitos de papeler\u00eda han cambiado y las propuestas deben estar completas al entregarse.<\/p>\n<p>La fecha l\u00edmite para entregar propuestas para el ciclo de fondos 2013 es el 1 de febrero del 2013. Las subvenciones se anunciar\u00e1n a m\u00e1s tardar el 1 de junio del 2013. Hay m\u00e1s informaci\u00f3n disponible en el Directorio en la parte superior derecha de esta p\u00e1gina, o\u00a0<a title=\"Application Checklist\" href=\"mailto:carol_beardmore@fws.gov\">comunic\u00e1ndose con nosotros<\/a>.<\/p>\n<p>Para ver proyectos de a\u00f1os anteriores,\u00a0<a title=\"Programs &amp; Projects\" href=\"http:\/\/sonoranjv.org\/support?lang=es\">visite nuestra p\u00e1gina de Proyectos<\/a>.<\/p>\n","protected":false},"excerpt":{"rendered":"<p>El Sonoran Joint Venture (SJV) se complace en anunciar la convocatoria de propuestas para el ciclo de fondos 2012 del Programa de Apoyos del SJV. El objetivo del Programa de Apoyos del SJV es apoyar la investigaci\u00f3n y conservaci\u00f3n de las aves y sus h\u00e1bitats dentro de los l\u00edmites del SJV otorgando fondos mediante un<\/p>\n","protected":false},"author":2,"featured_media":2423,"comment_status":"closed","ping_status":"closed","sticky":false,"template":"","format":"standard","meta":[],"categories":[31],"tags":[],"yoast_head":"<!-- This site is optimized with the Yoast SEO plugin v16.2 - https:\/\/yoast.com\/wordpress\/plugins\/seo\/ -->\n<title>2013 Anuncio para el Programa de Apoyos del SJV - Sonoran Joint Venture<\/title>\n<meta name=\"robots\" content=\"index, follow, max-snippet:-1, max-image-preview:large, max-video-preview:-1\" \/>\n<link rel=\"canonical\" href=\"https:\/\/dev.sonoranjv.org\/es\/2013-anuncio-para-el-programa-de-apoyos-del-sjv\/\" \/>\n<meta property=\"og:locale\" content=\"es_ES\" \/>\n<meta property=\"og:type\" content=\"article\" \/>\n<meta property=\"og:title\" content=\"2013 Anuncio para el Programa de Apoyos del SJV - Sonoran Joint Venture\" \/>\n<meta property=\"og:description\" content=\"El Sonoran Joint Venture (SJV) se complace en anunciar la convocatoria de propuestas para el ciclo de fondos 2012 del Programa de Apoyos del SJV. El objetivo del Programa de Apoyos del SJV es apoyar la investigaci\u00f3n y conservaci\u00f3n de las aves y sus h\u00e1bitats dentro de los l\u00edmites del SJV otorgando fondos mediante un\" \/>\n<meta property=\"og:url\" content=\"https:\/\/dev.sonoranjv.org\/es\/2013-anuncio-para-el-programa-de-apoyos-del-sjv\/\" \/>\n<meta property=\"og:site_name\" content=\"Sonoran Joint Venture\" \/>\n<meta property=\"article:publisher\" content=\"http:\/\/www.facebook.com\/sonoranjv\" \/>\n<meta property=\"article:published_time\" content=\"2013-01-29T22:29:17+00:00\" \/>\n<meta property=\"article:modified_time\" content=\"2017-04-17T20:59:00+00:00\" \/>\n<meta property=\"og:image\" content=\"https:\/\/sonoranjv.org\/wp-content\/uploads\/2013\/01\/co_river_delta_duberstein_jennie_fws-610x250.jpg\" \/>\n\t<meta property=\"og:image:width\" content=\"610\" \/>\n\t<meta property=\"og:image:height\" content=\"250\" \/>\n<meta name=\"twitter:card\" content=\"summary\" \/>\n<meta name=\"twitter:creator\" content=\"@sonoranjv\" \/>\n<meta name=\"twitter:site\" content=\"@sonoranjv\" \/>\n<meta name=\"twitter:label1\" content=\"Tiempo de lectura\">\n\t<meta name=\"twitter:data1\" content=\"1 minuto\">\n<script type=\"application\/ld+json\" class=\"yoast-schema-graph\">{\"@context\":\"https:\/\/schema.org\",\"@graph\":[{\"@type\":\"Organization\",\"@id\":\"https:\/\/dev.sonoranjv.org\/es\/#organization\",\"name\":\"Sonoran Joint Venture\",\"url\":\"https:\/\/dev.sonoranjv.org\/es\/\",\"sameAs\":[\"http:\/\/www.facebook.com\/sonoranjv\",\"https:\/\/www.pinterest.com\/sonoranjv\/pins\/\",\"https:\/\/twitter.com\/sonoranjv\"],\"logo\":{\"@type\":\"ImageObject\",\"@id\":\"https:\/\/dev.sonoranjv.org\/es\/#logo\",\"inLanguage\":\"es\",\"url\":\"https:\/\/sonoranjv.org\/wp-content\/uploads\/2017\/05\/sonoran-joint-venture-og.jpg\",\"contentUrl\":\"https:\/\/sonoranjv.org\/wp-content\/uploads\/2017\/05\/sonoran-joint-venture-og.jpg\",\"width\":\"573\",\"height\":\"316\",\"caption\":\"Sonoran Joint Venture\"},\"image\":{\"@id\":\"https:\/\/dev.sonoranjv.org\/es\/#logo\"}},{\"@type\":\"WebSite\",\"@id\":\"https:\/\/dev.sonoranjv.org\/es\/#website\",\"url\":\"https:\/\/dev.sonoranjv.org\/es\/\",\"name\":\"Sonoran Joint Venture\",\"description\":\"Conserving the unique birds and habitats of the southwestern United States and northwestern Mexico\",\"publisher\":{\"@id\":\"https:\/\/dev.sonoranjv.org\/es\/#organization\"},\"potentialAction\":[{\"@type\":\"SearchAction\",\"target\":\"https:\/\/dev.sonoranjv.org\/es\/?s={search_term_string}\",\"query-input\":\"required name=search_term_string\"}],\"inLanguage\":\"es\"},{\"@type\":\"ImageObject\",\"@id\":\"https:\/\/dev.sonoranjv.org\/es\/2013-anuncio-para-el-programa-de-apoyos-del-sjv\/#primaryimage\",\"inLanguage\":\"es\",\"url\":\"https:\/\/dev.sonoranjv.org\/wp-content\/uploads\/2013\/01\/co_river_delta_duberstein_jennie_fws-610x250.jpg\",\"contentUrl\":\"https:\/\/dev.sonoranjv.org\/wp-content\/uploads\/2013\/01\/co_river_delta_duberstein_jennie_fws-610x250.jpg\",\"width\":610,\"height\":250},{\"@type\":\"WebPage\",\"@id\":\"https:\/\/dev.sonoranjv.org\/es\/2013-anuncio-para-el-programa-de-apoyos-del-sjv\/#webpage\",\"url\":\"https:\/\/dev.sonoranjv.org\/es\/2013-anuncio-para-el-programa-de-apoyos-del-sjv\/\",\"name\":\"2013 Anuncio para el Programa de Apoyos del SJV - Sonoran Joint Venture\",\"isPartOf\":{\"@id\":\"https:\/\/dev.sonoranjv.org\/es\/#website\"},\"primaryImageOfPage\":{\"@id\":\"https:\/\/dev.sonoranjv.org\/es\/2013-anuncio-para-el-programa-de-apoyos-del-sjv\/#primaryimage\"},\"datePublished\":\"2013-01-29T22:29:17+00:00\",\"dateModified\":\"2017-04-17T20:59:00+00:00\",\"breadcrumb\":{\"@id\":\"https:\/\/dev.sonoranjv.org\/es\/2013-anuncio-para-el-programa-de-apoyos-del-sjv\/#breadcrumb\"},\"inLanguage\":\"es\",\"potentialAction\":[{\"@type\":\"ReadAction\",\"target\":[\"https:\/\/dev.sonoranjv.org\/es\/2013-anuncio-para-el-programa-de-apoyos-del-sjv\/\"]}]},{\"@type\":\"BreadcrumbList\",\"@id\":\"https:\/\/dev.sonoranjv.org\/es\/2013-anuncio-para-el-programa-de-apoyos-del-sjv\/#breadcrumb\",\"itemListElement\":[{\"@type\":\"ListItem\",\"position\":1,\"item\":{\"@type\":\"WebPage\",\"@id\":\"https:\/\/dev.sonoranjv.org\/es\/\",\"url\":\"https:\/\/dev.sonoranjv.org\/es\/\",\"name\":\"Home\"}},{\"@type\":\"ListItem\",\"position\":2,\"item\":{\"@id\":\"https:\/\/dev.sonoranjv.org\/es\/2013-anuncio-para-el-programa-de-apoyos-del-sjv\/#webpage\"}}]},{\"@type\":\"Article\",\"@id\":\"https:\/\/dev.sonoranjv.org\/es\/2013-anuncio-para-el-programa-de-apoyos-del-sjv\/#article\",\"isPartOf\":{\"@id\":\"https:\/\/dev.sonoranjv.org\/es\/2013-anuncio-para-el-programa-de-apoyos-del-sjv\/#webpage\"},\"author\":{\"@id\":\"https:\/\/dev.sonoranjv.org\/es\/#\/schema\/person\/10d4a07cf72d9415925754737e935111\"},\"headline\":\"2013 Anuncio para el Programa de Apoyos del SJV\",\"datePublished\":\"2013-01-29T22:29:17+00:00\",\"dateModified\":\"2017-04-17T20:59:00+00:00\",\"mainEntityOfPage\":{\"@id\":\"https:\/\/dev.sonoranjv.org\/es\/2013-anuncio-para-el-programa-de-apoyos-del-sjv\/#webpage\"},\"publisher\":{\"@id\":\"https:\/\/dev.sonoranjv.org\/es\/#organization\"},\"image\":{\"@id\":\"https:\/\/dev.sonoranjv.org\/es\/2013-anuncio-para-el-programa-de-apoyos-del-sjv\/#primaryimage\"},\"articleSection\":[\"Noticias\"],\"inLanguage\":\"es\"},{\"@type\":\"Person\",\"@id\":\"https:\/\/dev.sonoranjv.org\/es\/#\/schema\/person\/10d4a07cf72d9415925754737e935111\",\"name\":\"Jennie Duberstein\",\"image\":{\"@type\":\"ImageObject\",\"@id\":\"https:\/\/dev.sonoranjv.org\/es\/#personlogo\",\"inLanguage\":\"es\",\"url\":\"https:\/\/secure.gravatar.com\/avatar\/620413d72b997addfe0fd7fe64044c1b?s=96&d=mm&r=g\",\"contentUrl\":\"https:\/\/secure.gravatar.com\/avatar\/620413d72b997addfe0fd7fe64044c1b?s=96&d=mm&r=g\",\"caption\":\"Jennie Duberstein\"}}]}<\/script>\n<!-- \/ Yoast SEO plugin. -->","_links":{"self":[{"href":"https:\/\/dev.sonoranjv.org\/es\/wp-json\/wp\/v2\/posts\/4241"}],"collection":[{"href":"https:\/\/dev.sonoranjv.org\/es\/wp-json\/wp\/v2\/posts"}],"about":[{"href":"https:\/\/dev.sonoranjv.org\/es\/wp-json\/wp\/v2\/types\/post"}],"author":[{"embeddable":true,"href":"https:\/\/dev.sonoranjv.org\/es\/wp-json\/wp\/v2\/users\/2"}],"replies":[{"embeddable":true,"href":"https:\/\/dev.sonoranjv.org\/es\/wp-json\/wp\/v2\/comments?post=4241"}],"version-history":[{"count":1,"href":"https:\/\/dev.sonoranjv.org\/es\/wp-json\/wp\/v2\/posts\/4241\/revisions"}],"predecessor-version":[{"id":5059,"href":"https:\/\/dev.sonoranjv.org\/es\/wp-json\/wp\/v2\/posts\/4241\/revisions\/5059"}],"wp:featuredmedia":[{"embeddable":true,"href":"https:\/\/dev.sonoranjv.org\/es\/wp-json\/wp\/v2\/media\/2423"}],"wp:attachment":[{"href":"https:\/\/dev.sonoranjv.org\/es\/wp-json\/wp\/v2\/media?parent=4241"}],"wp:term":[{"taxonomy":"category","embeddable":true,"href":"https:\/\/dev.sonoranjv.org\/es\/wp-json\/wp\/v2\/categories?post=4241"},{"taxonomy":"post_tag","embeddable":true,"href":"https:\/\/dev.sonoranjv.org\/es\/wp-json\/wp\/v2\/tags?post=4241"}],"curies":[{"name":"wp","href":"https:\/\/api.w.org\/{rel}","templated":true}]}}