{"id":4223,"date":"2012-08-31T08:00:02","date_gmt":"2012-08-31T15:00:02","guid":{"rendered":"http:\/\/sonoranjv.org\/estrategias-de-adaptacion-ante-el-cambio-climatico-en-los-desiertos-sonorense-y-mojave\/"},"modified":"2017-04-17T13:59:54","modified_gmt":"2017-04-17T20:59:54","slug":"estrategias-de-adaptacion-ante-el-cambio-climatico-en-los-desiertos-sonorense-y-mojave","status":"publish","type":"post","link":"https:\/\/dev.sonoranjv.org\/es\/estrategias-de-adaptacion-ante-el-cambio-climatico-en-los-desiertos-sonorense-y-mojave\/","title":{"rendered":"Estrategias de adaptaci\u00f3n ante el cambio clim\u00e1tico en los desiertos Sonorense y Mojave"},"content":{"rendered":"<p>En agosto del 2012, 35 administradores y bi\u00f3logos de \u00e1reas protegidas en los desiertos Sonorense y Mojave de EEUU y M\u00e9xico se reunieron en Phoenix, Arizona, para debatir las estrategias de manejo a fin de promover la adaptaci\u00f3n de las comunidades y especies naturales en la regi\u00f3n ante el cambio clim\u00e1tico.<\/p>\n<p>Durante el taller los participantes aprendieron acerca de los resultados de la evaluaci\u00f3n de la vulnerabilidad ante el cambio clim\u00e1tico de diez tipos de comunidades focales en los desiertos Sonorense y Mojave y tuvieron la oportunidad de aportar retroalimentaci\u00f3n sobre los m\u00e9todos empleados y los resultados obtenidos a partir de dichas evaluaciones. Tambi\u00e9n trabajaron juntos para documentar los tensores ecol\u00f3gicos m\u00e1s comunes que afectan a las comunidades focales dentro de las tierras administradas y debatieron e identificaron estrategias espec\u00edficas, firmes, para \u00e1reas protegidas con la intenci\u00f3n de reducir los impactos del cambio clim\u00e1tico en las comunidades naturales.<\/p>\n<p>A principios de octubre estar\u00e1 disponible el informe final de los resultados del taller. Para conocer m\u00e1s, comunicarse con <a href=\"mailto:gjohnson@usbr.gov\">Genevieve Johnson<\/a>, Coordinadora de la Cooperativa de Conservaci\u00f3n del Paisaje Des\u00e9rtico o con <a href=\"mailto:carol_beardmore@fws.gov\">Carol Beardmore<\/a>, Coordinadora de Ciencias del SJV.<\/p>\n","protected":false},"excerpt":{"rendered":"<p>En agosto del 2012, 35 administradores y bi\u00f3logos de \u00e1reas protegidas en los desiertos Sonorense y Mojave de EEUU y M\u00e9xico se reunieron en Phoenix, Arizona, para debatir las estrategias de manejo a fin de promover la adaptaci\u00f3n de las comunidades y especies naturales en la regi\u00f3n ante el cambio clim\u00e1tico. Durante el taller los<\/p>\n","protected":false},"author":2,"featured_media":2269,"comment_status":"closed","ping_status":"closed","sticky":false,"template":"","format":"standard","meta":[],"categories":[31],"tags":[],"yoast_head":"<!-- This site is optimized with the Yoast SEO plugin v16.2 - https:\/\/yoast.com\/wordpress\/plugins\/seo\/ -->\n<title>Estrategias de adaptaci\u00f3n ante el cambio clim\u00e1tico en los desiertos Sonorense y Mojave - Sonoran Joint Venture<\/title>\n<meta name=\"robots\" content=\"index, follow, max-snippet:-1, max-image-preview:large, max-video-preview:-1\" \/>\n<link rel=\"canonical\" href=\"https:\/\/dev.sonoranjv.org\/es\/estrategias-de-adaptacion-ante-el-cambio-climatico-en-los-desiertos-sonorense-y-mojave\/\" \/>\n<meta property=\"og:locale\" content=\"es_ES\" \/>\n<meta property=\"og:type\" content=\"article\" \/>\n<meta property=\"og:title\" content=\"Estrategias de adaptaci\u00f3n ante el cambio clim\u00e1tico en los desiertos Sonorense y Mojave - Sonoran Joint Venture\" \/>\n<meta property=\"og:description\" content=\"En agosto del 2012, 35 administradores y bi\u00f3logos de \u00e1reas protegidas en los desiertos Sonorense y Mojave de EEUU y M\u00e9xico se reunieron en Phoenix, Arizona, para debatir las estrategias de manejo a fin de promover la adaptaci\u00f3n de las comunidades y especies naturales en la regi\u00f3n ante el cambio clim\u00e1tico. Durante el taller los\" \/>\n<meta property=\"og:url\" content=\"https:\/\/dev.sonoranjv.org\/es\/estrategias-de-adaptacion-ante-el-cambio-climatico-en-los-desiertos-sonorense-y-mojave\/\" \/>\n<meta property=\"og:site_name\" content=\"Sonoran Joint Venture\" \/>\n<meta property=\"article:publisher\" content=\"http:\/\/www.facebook.com\/sonoranjv\" \/>\n<meta property=\"article:published_time\" content=\"2012-08-31T15:00:02+00:00\" \/>\n<meta property=\"article:modified_time\" content=\"2017-04-17T20:59:54+00:00\" \/>\n<meta property=\"og:image\" content=\"https:\/\/sonoranjv.org\/wp-content\/uploads\/2012\/08\/desert-lcc-workshop-610x250.jpg\" \/>\n\t<meta property=\"og:image:width\" content=\"610\" \/>\n\t<meta property=\"og:image:height\" content=\"239\" \/>\n<meta name=\"twitter:card\" content=\"summary\" \/>\n<meta name=\"twitter:creator\" content=\"@sonoranjv\" \/>\n<meta name=\"twitter:site\" content=\"@sonoranjv\" \/>\n<meta name=\"twitter:label1\" content=\"Tiempo de lectura\">\n\t<meta name=\"twitter:data1\" content=\"1 minuto\">\n<script type=\"application\/ld+json\" class=\"yoast-schema-graph\">{\"@context\":\"https:\/\/schema.org\",\"@graph\":[{\"@type\":\"Organization\",\"@id\":\"https:\/\/dev.sonoranjv.org\/es\/#organization\",\"name\":\"Sonoran Joint Venture\",\"url\":\"https:\/\/dev.sonoranjv.org\/es\/\",\"sameAs\":[\"http:\/\/www.facebook.com\/sonoranjv\",\"https:\/\/www.pinterest.com\/sonoranjv\/pins\/\",\"https:\/\/twitter.com\/sonoranjv\"],\"logo\":{\"@type\":\"ImageObject\",\"@id\":\"https:\/\/dev.sonoranjv.org\/es\/#logo\",\"inLanguage\":\"es\",\"url\":\"https:\/\/sonoranjv.org\/wp-content\/uploads\/2017\/05\/sonoran-joint-venture-og.jpg\",\"contentUrl\":\"https:\/\/sonoranjv.org\/wp-content\/uploads\/2017\/05\/sonoran-joint-venture-og.jpg\",\"width\":\"573\",\"height\":\"316\",\"caption\":\"Sonoran Joint Venture\"},\"image\":{\"@id\":\"https:\/\/dev.sonoranjv.org\/es\/#logo\"}},{\"@type\":\"WebSite\",\"@id\":\"https:\/\/dev.sonoranjv.org\/es\/#website\",\"url\":\"https:\/\/dev.sonoranjv.org\/es\/\",\"name\":\"Sonoran Joint Venture\",\"description\":\"Conserving the unique birds and habitats of the southwestern United States and northwestern Mexico\",\"publisher\":{\"@id\":\"https:\/\/dev.sonoranjv.org\/es\/#organization\"},\"potentialAction\":[{\"@type\":\"SearchAction\",\"target\":\"https:\/\/dev.sonoranjv.org\/es\/?s={search_term_string}\",\"query-input\":\"required name=search_term_string\"}],\"inLanguage\":\"es\"},{\"@type\":\"ImageObject\",\"@id\":\"https:\/\/dev.sonoranjv.org\/es\/estrategias-de-adaptacion-ante-el-cambio-climatico-en-los-desiertos-sonorense-y-mojave\/#primaryimage\",\"inLanguage\":\"es\",\"url\":\"https:\/\/dev.sonoranjv.org\/wp-content\/uploads\/2012\/08\/desert-lcc-workshop-610x250.jpg\",\"contentUrl\":\"https:\/\/dev.sonoranjv.org\/wp-content\/uploads\/2012\/08\/desert-lcc-workshop-610x250.jpg\",\"width\":610,\"height\":239},{\"@type\":\"WebPage\",\"@id\":\"https:\/\/dev.sonoranjv.org\/es\/estrategias-de-adaptacion-ante-el-cambio-climatico-en-los-desiertos-sonorense-y-mojave\/#webpage\",\"url\":\"https:\/\/dev.sonoranjv.org\/es\/estrategias-de-adaptacion-ante-el-cambio-climatico-en-los-desiertos-sonorense-y-mojave\/\",\"name\":\"Estrategias de adaptaci\\u00f3n ante el cambio clim\\u00e1tico en los desiertos Sonorense y Mojave - Sonoran Joint Venture\",\"isPartOf\":{\"@id\":\"https:\/\/dev.sonoranjv.org\/es\/#website\"},\"primaryImageOfPage\":{\"@id\":\"https:\/\/dev.sonoranjv.org\/es\/estrategias-de-adaptacion-ante-el-cambio-climatico-en-los-desiertos-sonorense-y-mojave\/#primaryimage\"},\"datePublished\":\"2012-08-31T15:00:02+00:00\",\"dateModified\":\"2017-04-17T20:59:54+00:00\",\"breadcrumb\":{\"@id\":\"https:\/\/dev.sonoranjv.org\/es\/estrategias-de-adaptacion-ante-el-cambio-climatico-en-los-desiertos-sonorense-y-mojave\/#breadcrumb\"},\"inLanguage\":\"es\",\"potentialAction\":[{\"@type\":\"ReadAction\",\"target\":[\"https:\/\/dev.sonoranjv.org\/es\/estrategias-de-adaptacion-ante-el-cambio-climatico-en-los-desiertos-sonorense-y-mojave\/\"]}]},{\"@type\":\"BreadcrumbList\",\"@id\":\"https:\/\/dev.sonoranjv.org\/es\/estrategias-de-adaptacion-ante-el-cambio-climatico-en-los-desiertos-sonorense-y-mojave\/#breadcrumb\",\"itemListElement\":[{\"@type\":\"ListItem\",\"position\":1,\"item\":{\"@type\":\"WebPage\",\"@id\":\"https:\/\/dev.sonoranjv.org\/es\/\",\"url\":\"https:\/\/dev.sonoranjv.org\/es\/\",\"name\":\"Home\"}},{\"@type\":\"ListItem\",\"position\":2,\"item\":{\"@id\":\"https:\/\/dev.sonoranjv.org\/es\/estrategias-de-adaptacion-ante-el-cambio-climatico-en-los-desiertos-sonorense-y-mojave\/#webpage\"}}]},{\"@type\":\"Article\",\"@id\":\"https:\/\/dev.sonoranjv.org\/es\/estrategias-de-adaptacion-ante-el-cambio-climatico-en-los-desiertos-sonorense-y-mojave\/#article\",\"isPartOf\":{\"@id\":\"https:\/\/dev.sonoranjv.org\/es\/estrategias-de-adaptacion-ante-el-cambio-climatico-en-los-desiertos-sonorense-y-mojave\/#webpage\"},\"author\":{\"@id\":\"https:\/\/dev.sonoranjv.org\/es\/#\/schema\/person\/10d4a07cf72d9415925754737e935111\"},\"headline\":\"Estrategias de adaptaci\\u00f3n ante el cambio clim\\u00e1tico en los desiertos Sonorense y Mojave\",\"datePublished\":\"2012-08-31T15:00:02+00:00\",\"dateModified\":\"2017-04-17T20:59:54+00:00\",\"mainEntityOfPage\":{\"@id\":\"https:\/\/dev.sonoranjv.org\/es\/estrategias-de-adaptacion-ante-el-cambio-climatico-en-los-desiertos-sonorense-y-mojave\/#webpage\"},\"publisher\":{\"@id\":\"https:\/\/dev.sonoranjv.org\/es\/#organization\"},\"image\":{\"@id\":\"https:\/\/dev.sonoranjv.org\/es\/estrategias-de-adaptacion-ante-el-cambio-climatico-en-los-desiertos-sonorense-y-mojave\/#primaryimage\"},\"articleSection\":[\"Noticias\"],\"inLanguage\":\"es\"},{\"@type\":\"Person\",\"@id\":\"https:\/\/dev.sonoranjv.org\/es\/#\/schema\/person\/10d4a07cf72d9415925754737e935111\",\"name\":\"Jennie Duberstein\",\"image\":{\"@type\":\"ImageObject\",\"@id\":\"https:\/\/dev.sonoranjv.org\/es\/#personlogo\",\"inLanguage\":\"es\",\"url\":\"https:\/\/secure.gravatar.com\/avatar\/620413d72b997addfe0fd7fe64044c1b?s=96&d=mm&r=g\",\"contentUrl\":\"https:\/\/secure.gravatar.com\/avatar\/620413d72b997addfe0fd7fe64044c1b?s=96&d=mm&r=g\",\"caption\":\"Jennie Duberstein\"}}]}<\/script>\n<!-- \/ Yoast SEO plugin. -->","_links":{"self":[{"href":"https:\/\/dev.sonoranjv.org\/es\/wp-json\/wp\/v2\/posts\/4223"}],"collection":[{"href":"https:\/\/dev.sonoranjv.org\/es\/wp-json\/wp\/v2\/posts"}],"about":[{"href":"https:\/\/dev.sonoranjv.org\/es\/wp-json\/wp\/v2\/types\/post"}],"author":[{"embeddable":true,"href":"https:\/\/dev.sonoranjv.org\/es\/wp-json\/wp\/v2\/users\/2"}],"replies":[{"embeddable":true,"href":"https:\/\/dev.sonoranjv.org\/es\/wp-json\/wp\/v2\/comments?post=4223"}],"version-history":[{"count":1,"href":"https:\/\/dev.sonoranjv.org\/es\/wp-json\/wp\/v2\/posts\/4223\/revisions"}],"predecessor-version":[{"id":5068,"href":"https:\/\/dev.sonoranjv.org\/es\/wp-json\/wp\/v2\/posts\/4223\/revisions\/5068"}],"wp:featuredmedia":[{"embeddable":true,"href":"https:\/\/dev.sonoranjv.org\/es\/wp-json\/wp\/v2\/media\/2269"}],"wp:attachment":[{"href":"https:\/\/dev.sonoranjv.org\/es\/wp-json\/wp\/v2\/media?parent=4223"}],"wp:term":[{"taxonomy":"category","embeddable":true,"href":"https:\/\/dev.sonoranjv.org\/es\/wp-json\/wp\/v2\/categories?post=4223"},{"taxonomy":"post_tag","embeddable":true,"href":"https:\/\/dev.sonoranjv.org\/es\/wp-json\/wp\/v2\/tags?post=4223"}],"curies":[{"name":"wp","href":"https:\/\/api.w.org\/{rel}","templated":true}]}}